{"id":288,"date":"2023-10-17T08:53:00","date_gmt":"2023-10-17T08:53:00","guid":{"rendered":"https:\/\/kiezini-gcp.de\/kiezini\/?p=288"},"modified":"2024-01-08T08:58:28","modified_gmt":"2024-01-08T08:58:28","slug":"oeffentliche-veranstaltung-zur-beteilung-der-anwohnenden-fuer-einen-schoeneren-gertrud-classen-platz","status":"publish","type":"post","link":"https:\/\/kiezini-gcp.de\/kiezini\/oeffentliche-veranstaltung-zur-beteilung-der-anwohnenden-fuer-einen-schoeneren-gertrud-classen-platz\/","title":{"rendered":"\u00d6ffentliche Veranstaltung zur Beteilung der Anwohnenden f\u00fcr einen sch\u00f6neren Gertrud-Classen-Platz"},"content":{"rendered":"\n<p>Am 17.10.23 fand eine \u00f6ffentliche Veranstaltung zur Gestaltung des Gertrud-Classen-Platzes im Caf\u00e9 Goldst\u00fcck statt. Anwesend waren etwa 60 Anwohnende, Bezirksstadtr\u00e4tin Frau Anders-Granitzki und Beteiligte des Stra\u00dfen- und Gr\u00fcnfl\u00e4chenamtes (SGAs).<\/p>\n\n\n\n<p>Das SGA zeigte auf Plakaten die m\u00f6gliche Platzgestaltung. Teilnehmende konnten auf den Plakaten Punkte verteilen und\/oder Stellungnahmen abgeben, unter anderem zu Sitzb\u00e4nken, Fahrradb\u00fcgeln, Pflanzungen und Kinderspielfl\u00e4chen.<\/p>\n\n\n\n<p>Viele Anwohnende sind an einer m\u00f6glichst wenig versiegelten Fl\u00e4che und einer klimaangepassten, d\u00fcrreresistenten und insektenfreundlichen Bepflanzung interessiert.<\/p>\n\n\n\n<p>W\u00e4hrend der Veranstaltung forderten Anwohnende, dass die Erich-Weinert-Stra\u00dfe am Platz dauerhaft f\u00fcr den Kfz-Verkehr gesperrt bleibt, so wie es auch vier Jahre w\u00e4hrend der Bauarbeiten war. Dies soll den Durchgangsverkehr verhindern, der die Ampeln der umliegenden Hauptstra\u00dfen umgeht. Auch thematisierten die Anwesenden, dass das unrechtm\u00e4\u00dfige Parken in der Naugarder Stra\u00dfe am Platz durch dauerhafte und wirksame Ma\u00dfnahmen unterbunden werden soll. Obwohl die Stra\u00dfe dort zu eng zum Parken ist, stehen dort Kfz und befahren den Fu\u00dfg\u00e4ngerweg und gef\u00e4hrden so die zu Fu\u00df Gehenden, insbesondere Kinder; in diesem Bereich gibt es einen Kinderladen und ein Eiscaf\u00e9. Diese Themen konnten nicht im Rahmen der Veranstaltung beantwortet werden und das SGA empfahl, sie schriftlich einzureichen. (Nachtrag: Am 6.12.23 hat die Kiezinitiative Gertrud-Classen-Platz diese Fragen an das SGA gesendet. Eine Antwort steht noch aus.)<\/p>\n\n\n\n<p>Laut Informationen des SGAs wird die Umgestaltung des Gertrud-Classen-Platzes voraussichtlich in der ersten Jahresh\u00e4lfte 2024 umgesetzt.<\/p>\n\n\n\n<p>Details sind unter folgender Webseite zu finden: <a href=\"https:\/\/mein.berlin.de\/vorhaben\/2023-00780\/\">https:\/\/mein.berlin.de\/vorhaben\/2023-00780\/<\/a><\/p>\n\n\n\n<figure class=\"wp-block-image size-large is-resized\"><img loading=\"lazy\" decoding=\"async\" width=\"1024\" height=\"766\" src=\"https:\/\/kiezini-gcp.de\/kiezini\/wp-content\/uploads\/2024\/01\/20231017-Plakat-Baenke-1024x766.jpg\" alt=\"\" class=\"wp-image-289\" style=\"width:674px;height:auto\" srcset=\"https:\/\/kiezini-gcp.de\/kiezini\/wp-content\/uploads\/2024\/01\/20231017-Plakat-Baenke-1024x766.jpg 1024w, https:\/\/kiezini-gcp.de\/kiezini\/wp-content\/uploads\/2024\/01\/20231017-Plakat-Baenke-300x224.jpg 300w, https:\/\/kiezini-gcp.de\/kiezini\/wp-content\/uploads\/2024\/01\/20231017-Plakat-Baenke-768x575.jpg 768w, https:\/\/kiezini-gcp.de\/kiezini\/wp-content\/uploads\/2024\/01\/20231017-Plakat-Baenke-1536x1149.jpg 1536w, https:\/\/kiezini-gcp.de\/kiezini\/wp-content\/uploads\/2024\/01\/20231017-Plakat-Baenke-2048x1532.jpg 2048w\" sizes=\"auto, (max-width: 767px) 89vw, (max-width: 1000px) 54vw, (max-width: 1071px) 543px, 580px\" \/><\/figure>\n\n\n\n<figure class=\"wp-block-gallery has-nested-images columns-default is-cropped wp-block-gallery-1 is-layout-flex wp-block-gallery-is-layout-flex\">\n<figure class=\"wp-block-image size-large\"><img loading=\"lazy\" decoding=\"async\" width=\"1024\" height=\"759\" data-id=\"290\" src=\"https:\/\/kiezini-gcp.de\/kiezini\/wp-content\/uploads\/2024\/01\/20231017-Plakat-Huepfspiel-Baeume-Brunnen-1024x759.jpg\" alt=\"\" class=\"wp-image-290\" srcset=\"https:\/\/kiezini-gcp.de\/kiezini\/wp-content\/uploads\/2024\/01\/20231017-Plakat-Huepfspiel-Baeume-Brunnen-1024x759.jpg 1024w, https:\/\/kiezini-gcp.de\/kiezini\/wp-content\/uploads\/2024\/01\/20231017-Plakat-Huepfspiel-Baeume-Brunnen-300x222.jpg 300w, https:\/\/kiezini-gcp.de\/kiezini\/wp-content\/uploads\/2024\/01\/20231017-Plakat-Huepfspiel-Baeume-Brunnen-768x569.jpg 768w, https:\/\/kiezini-gcp.de\/kiezini\/wp-content\/uploads\/2024\/01\/20231017-Plakat-Huepfspiel-Baeume-Brunnen-1536x1138.jpg 1536w, https:\/\/kiezini-gcp.de\/kiezini\/wp-content\/uploads\/2024\/01\/20231017-Plakat-Huepfspiel-Baeume-Brunnen-2048x1517.jpg 2048w\" sizes=\"auto, (max-width: 767px) 89vw, (max-width: 1000px) 54vw, (max-width: 1071px) 543px, 580px\" \/><\/figure>\n<\/figure>\n\n\n\n<figure class=\"wp-block-image size-large is-resized\"><img loading=\"lazy\" decoding=\"async\" width=\"1024\" height=\"805\" src=\"https:\/\/kiezini-gcp.de\/kiezini\/wp-content\/uploads\/2024\/01\/20231017-Plakat-Pflanzen-1024x805.jpg\" alt=\"\" class=\"wp-image-291\" style=\"width:674px;height:auto\" srcset=\"https:\/\/kiezini-gcp.de\/kiezini\/wp-content\/uploads\/2024\/01\/20231017-Plakat-Pflanzen-1024x805.jpg 1024w, https:\/\/kiezini-gcp.de\/kiezini\/wp-content\/uploads\/2024\/01\/20231017-Plakat-Pflanzen-300x236.jpg 300w, https:\/\/kiezini-gcp.de\/kiezini\/wp-content\/uploads\/2024\/01\/20231017-Plakat-Pflanzen-768x604.jpg 768w, https:\/\/kiezini-gcp.de\/kiezini\/wp-content\/uploads\/2024\/01\/20231017-Plakat-Pflanzen-1536x1208.jpg 1536w, https:\/\/kiezini-gcp.de\/kiezini\/wp-content\/uploads\/2024\/01\/20231017-Plakat-Pflanzen-2048x1610.jpg 2048w\" sizes=\"auto, (max-width: 767px) 89vw, (max-width: 1000px) 54vw, (max-width: 1071px) 543px, 580px\" \/><\/figure>\n\n\n","protected":false},"excerpt":{"rendered":"<p>Am 17.10.23 fand eine \u00f6ffentliche Veranstaltung zur Gestaltung des Gertrud-Classen-Platzes im Caf\u00e9 Goldst\u00fcck statt. Anwesend waren etwa 60 Anwohnende, Bezirksstadtr\u00e4tin Frau Anders-Granitzki und Beteiligte des Stra\u00dfen- und Gr\u00fcnfl\u00e4chenamtes (SGAs). Das SGA zeigte auf Plakaten die m\u00f6gliche Platzgestaltung. Teilnehmende konnten auf den Plakaten Punkte verteilen und\/oder Stellungnahmen abgeben, unter anderem zu Sitzb\u00e4nken, Fahrradb\u00fcgeln, Pflanzungen und Kinderspielfl\u00e4chen. &hellip; <\/p>\n<p class=\"link-more\"><a href=\"https:\/\/kiezini-gcp.de\/kiezini\/oeffentliche-veranstaltung-zur-beteilung-der-anwohnenden-fuer-einen-schoeneren-gertrud-classen-platz\/\" class=\"more-link\"><span class=\"screen-reader-text\">\u201e\u00d6ffentliche Veranstaltung zur Beteilung der Anwohnenden f\u00fcr einen sch\u00f6neren Gertrud-Classen-Platz\u201c<\/span> weiterlesen<\/a><\/p>\n","protected":false},"author":2,"featured_media":0,"comment_status":"open","ping_status":"open","sticky":false,"template":"","format":"standard","meta":{"footnotes":""},"categories":[1],"tags":[],"class_list":["post-288","post","type-post","status-publish","format-standard","hentry","category-uncategorized"],"_links":{"self":[{"href":"https:\/\/kiezini-gcp.de\/kiezini\/wp-json\/wp\/v2\/posts\/288","targetHints":{"allow":["GET"]}}],"collection":[{"href":"https:\/\/kiezini-gcp.de\/kiezini\/wp-json\/wp\/v2\/posts"}],"about":[{"href":"https:\/\/kiezini-gcp.de\/kiezini\/wp-json\/wp\/v2\/types\/post"}],"author":[{"embeddable":true,"href":"https:\/\/kiezini-gcp.de\/kiezini\/wp-json\/wp\/v2\/users\/2"}],"replies":[{"embeddable":true,"href":"https:\/\/kiezini-gcp.de\/kiezini\/wp-json\/wp\/v2\/comments?post=288"}],"version-history":[{"count":1,"href":"https:\/\/kiezini-gcp.de\/kiezini\/wp-json\/wp\/v2\/posts\/288\/revisions"}],"predecessor-version":[{"id":292,"href":"https:\/\/kiezini-gcp.de\/kiezini\/wp-json\/wp\/v2\/posts\/288\/revisions\/292"}],"wp:attachment":[{"href":"https:\/\/kiezini-gcp.de\/kiezini\/wp-json\/wp\/v2\/media?parent=288"}],"wp:term":[{"taxonomy":"category","embeddable":true,"href":"https:\/\/kiezini-gcp.de\/kiezini\/wp-json\/wp\/v2\/categories?post=288"},{"taxonomy":"post_tag","embeddable":true,"href":"https:\/\/kiezini-gcp.de\/kiezini\/wp-json\/wp\/v2\/tags?post=288"}],"curies":[{"name":"wp","href":"https:\/\/api.w.org\/{rel}","templated":true}]}}