{"id":283,"date":"2023-08-29T19:32:00","date_gmt":"2023-08-29T19:32:00","guid":{"rendered":"https:\/\/kiezini-gcp.de\/kiezini\/?p=283"},"modified":"2023-10-10T19:37:51","modified_gmt":"2023-10-10T19:37:51","slug":"petition-sicherheit-und-bessere-luft-im-kiez-prenzlauer-ostseestrasse-greifswalder-grellstrasse","status":"publish","type":"post","link":"https:\/\/kiezini-gcp.de\/kiezini\/petition-sicherheit-und-bessere-luft-im-kiez-prenzlauer-ostseestrasse-greifswalder-grellstrasse\/","title":{"rendered":"Petition &#8222;Sicherheit und bessere Luft im Kiez Prenzlauer-Ostseestra\u00dfe-Greifswalder-Grellstra\u00dfe&#8220;"},"content":{"rendered":"\n<p>Bitte unterst\u00fctzt und teilt unsere Petition &#8222;Sicherheit und bessere Luft im Kiez Prenzlauer-Ostseestra\u00dfe-Greifswalder-Grellstra\u00dfe&#8220;: <a href=\"https:\/\/www.change.org\/p\/sicherheit-und-bessere-luft-im-kiez-prenzlauer-ostseestra%C3%9Fe-greifswalder-grellstra%C3%9Fe\" data-type=\"link\" data-id=\"https:\/\/www.change.org\/p\/sicherheit-und-bessere-luft-im-kiez-prenzlauer-ostseestra%C3%9Fe-greifswalder-grellstra%C3%9Fe\">https:\/\/www.change.org\/p\/sicherheit-und-bessere-luft-im-kiez-prenzlauer-ostseestra%C3%9Fe-greifswalder-grellstra%C3%9Fe<\/a><\/p>\n\n\n\n<p><\/p>\n\n\n\n<figure class=\"wp-block-gallery has-nested-images columns-default is-cropped wp-block-gallery-1 is-layout-flex wp-block-gallery-is-layout-flex\">\n<figure class=\"wp-block-image size-large\"><img loading=\"lazy\" decoding=\"async\" width=\"838\" height=\"477\" data-id=\"284\" src=\"https:\/\/kiezini-gcp.de\/kiezini\/wp-content\/uploads\/2023\/10\/Screenshot-Petition.jpg\" alt=\"\" class=\"wp-image-284\" srcset=\"https:\/\/kiezini-gcp.de\/kiezini\/wp-content\/uploads\/2023\/10\/Screenshot-Petition.jpg 838w, https:\/\/kiezini-gcp.de\/kiezini\/wp-content\/uploads\/2023\/10\/Screenshot-Petition-300x171.jpg 300w, https:\/\/kiezini-gcp.de\/kiezini\/wp-content\/uploads\/2023\/10\/Screenshot-Petition-768x437.jpg 768w\" sizes=\"auto, (max-width: 767px) 89vw, (max-width: 1000px) 54vw, (max-width: 1071px) 543px, 580px\" \/><\/figure>\n<\/figure>\n","protected":false},"excerpt":{"rendered":"<p>Bitte unterst\u00fctzt und teilt unsere Petition &#8222;Sicherheit und bessere Luft im Kiez Prenzlauer-Ostseestra\u00dfe-Greifswalder-Grellstra\u00dfe&#8220;: https:\/\/www.change.org\/p\/sicherheit-und-bessere-luft-im-kiez-prenzlauer-ostseestra%C3%9Fe-greifswalder-grellstra%C3%9Fe<\/p>\n","protected":false},"author":2,"featured_media":0,"comment_status":"open","ping_status":"open","sticky":false,"template":"","format":"standard","meta":{"footnotes":""},"categories":[1],"tags":[],"class_list":["post-283","post","type-post","status-publish","format-standard","hentry","category-uncategorized"],"_links":{"self":[{"href":"https:\/\/kiezini-gcp.de\/kiezini\/wp-json\/wp\/v2\/posts\/283","targetHints":{"allow":["GET"]}}],"collection":[{"href":"https:\/\/kiezini-gcp.de\/kiezini\/wp-json\/wp\/v2\/posts"}],"about":[{"href":"https:\/\/kiezini-gcp.de\/kiezini\/wp-json\/wp\/v2\/types\/post"}],"author":[{"embeddable":true,"href":"https:\/\/kiezini-gcp.de\/kiezini\/wp-json\/wp\/v2\/users\/2"}],"replies":[{"embeddable":true,"href":"https:\/\/kiezini-gcp.de\/kiezini\/wp-json\/wp\/v2\/comments?post=283"}],"version-history":[{"count":1,"href":"https:\/\/kiezini-gcp.de\/kiezini\/wp-json\/wp\/v2\/posts\/283\/revisions"}],"predecessor-version":[{"id":285,"href":"https:\/\/kiezini-gcp.de\/kiezini\/wp-json\/wp\/v2\/posts\/283\/revisions\/285"}],"wp:attachment":[{"href":"https:\/\/kiezini-gcp.de\/kiezini\/wp-json\/wp\/v2\/media?parent=283"}],"wp:term":[{"taxonomy":"category","embeddable":true,"href":"https:\/\/kiezini-gcp.de\/kiezini\/wp-json\/wp\/v2\/categories?post=283"},{"taxonomy":"post_tag","embeddable":true,"href":"https:\/\/kiezini-gcp.de\/kiezini\/wp-json\/wp\/v2\/tags?post=283"}],"curies":[{"name":"wp","href":"https:\/\/api.w.org\/{rel}","templated":true}]}}