{"id":257,"date":"2022-06-12T10:21:00","date_gmt":"2022-06-12T10:21:00","guid":{"rendered":"https:\/\/kiezini-gcp.de\/kiezini\/?p=257"},"modified":"2022-06-12T10:54:03","modified_gmt":"2022-06-12T10:54:03","slug":"zuegige-einrichtung-der-fahrradstrasse-notwendig","status":"publish","type":"post","link":"https:\/\/kiezini-gcp.de\/kiezini\/zuegige-einrichtung-der-fahrradstrasse-notwendig\/","title":{"rendered":"Z\u00fcgige Einrichtung der Fahrradstra\u00dfe notwendig"},"content":{"rendered":"\n<p>Die Erich-Weinert-Stra\u00dfe muss zeitnah Fahrradstra\u00dfe werden, um den Gertrud-Classen-Platz und den Kiez zu beruhigen. <a><\/a><\/p>\n\n\n\n<p>Der Antrag \u201eErich-Weinert-Stra\u00dfe z\u00fcgig als Fahrradstra\u00dfe einrichten und ausweisen\u201c wurde von der SPD bei der BVV Pankow eingereicht. Ziel ist es, die Erich-Weinert-Stra\u00dfe z\u00fcgig als Fahrradstra\u00dfe einzurichten, um den BVV-Beschluss \u201eGertrud-Classen-Platz zur Kiez-Oase entwickeln\u201c direkt im Anschluss an die derzeitige Baustelle umzusetzen.<\/p>\n\n\n\n<p>Laut dem Beschluss \u201eGertrud-Classen-Platz zur Kiez-Oase entwickeln\u201c vom 23.3.22 soll ein kleines St\u00fcck der Erich-Weinert-Stra\u00dfe am Gertrud-Classen-Platz f\u00fcr den Kfz-Verkehr gesperrt werden, wenn die Fahrradstra\u00dfe eingerichtet wird. Da die langj\u00e4hrige Baustelle am Platz voraussichtlich Anfang 2023 wiederhergestellt wird, muss dann auch die Fahrradstra\u00dfe eingerichtet werden.<\/p>\n\n\n\n<p>Der Antrag \u00fcber die z\u00fcgige Einrichtung der Fahrradstra\u00dfe wurde am 18.5.22 in den Ausschuss f\u00fcr Mobilit\u00e4t und \u00f6ffentliche Ordnung \u00fcberwiesen und wird voraussichtlich am 16.6.22 behandelt.<\/p>\n\n\n\n<p>Eine Fahrradstra\u00dfe gibt dem Radverkehr Vorrang vor dem Kfz-Verkehr mit dem Ziel, den Verkehr zu beruhigen und den Durchgangsverkehr (also gebietsfremden Verkehr) zu verhindern. Ein Beispiel ist die Stargarder Stra\u00dfe im Prenzlauer Berg.<\/p>\n\n\n\n<p>Dies ist die Gelegenheit, mit einfachen Mitteln mehr Aufenthaltsqualit\u00e4t und Verkehrsberuhigung im Kiez zu erm\u00f6glichen und den Anforderungen des Berliner Mobilit\u00e4tsgesetzes nachzukommen.<\/p>\n\n\n\n<p>Weitere Informationen sind hier zu finden:<\/p>\n\n\n\n<ul class=\"wp-block-list\"><li>im BVV-Antrag \u201eErich-Weinert-Stra\u00dfe z\u00fcgig als Fahrradstra\u00dfe einrichten und ausweisen\u201c zu finden: <a href=\"https:\/\/www.berlin.de\/ba-pankow\/politik-und-verwaltung\/bezirksverordnetenversammlung\/online\/vo020.asp?VOLFDNR=6149\">https:\/\/www.berlin.de\/ba-pankow\/politik-und-verwaltung\/bezirksverordnetenversammlung\/online\/vo020.asp?VOLFDNR=6149<\/a><\/li><\/ul>\n\n\n\n<ul class=\"wp-block-list\"><li>im BVV-Antrag \u201eGertrud-Classen-Platz zur Kiez-Oase entwickeln\u201c: <a href=\"https:\/\/www.berlin.de\/ba-pankow\/politik-und-verwaltung\/bezirksverordnetenversammlung\/online\/vo020.asp?VOLFDNR=5985\">https:\/\/www.berlin.de\/ba-pankow\/politik-und-verwaltung\/bezirksverordnetenversammlung\/online\/vo020.asp?VOLFDNR=5985<\/a> <\/li><\/ul>\n\n\n\n<p><\/p>\n\n\n\n<p><\/p>\n","protected":false},"excerpt":{"rendered":"<p>Die Erich-Weinert-Stra\u00dfe muss zeitnah Fahrradstra\u00dfe werden, um den Gertrud-Classen-Platz und den Kiez zu beruhigen. Der Antrag \u201eErich-Weinert-Stra\u00dfe z\u00fcgig als Fahrradstra\u00dfe einrichten und ausweisen\u201c wurde von der SPD bei der BVV Pankow eingereicht. Ziel ist es, die Erich-Weinert-Stra\u00dfe z\u00fcgig als Fahrradstra\u00dfe einzurichten, um den BVV-Beschluss \u201eGertrud-Classen-Platz zur Kiez-Oase entwickeln\u201c direkt im Anschluss an die derzeitige Baustelle &hellip; <\/p>\n<p class=\"link-more\"><a href=\"https:\/\/kiezini-gcp.de\/kiezini\/zuegige-einrichtung-der-fahrradstrasse-notwendig\/\" class=\"more-link\"><span class=\"screen-reader-text\">\u201eZ\u00fcgige Einrichtung der Fahrradstra\u00dfe notwendig\u201c<\/span> weiterlesen<\/a><\/p>\n","protected":false},"author":3,"featured_media":0,"comment_status":"open","ping_status":"open","sticky":false,"template":"","format":"standard","meta":{"footnotes":""},"categories":[1],"tags":[],"class_list":["post-257","post","type-post","status-publish","format-standard","hentry","category-uncategorized"],"_links":{"self":[{"href":"https:\/\/kiezini-gcp.de\/kiezini\/wp-json\/wp\/v2\/posts\/257","targetHints":{"allow":["GET"]}}],"collection":[{"href":"https:\/\/kiezini-gcp.de\/kiezini\/wp-json\/wp\/v2\/posts"}],"about":[{"href":"https:\/\/kiezini-gcp.de\/kiezini\/wp-json\/wp\/v2\/types\/post"}],"author":[{"embeddable":true,"href":"https:\/\/kiezini-gcp.de\/kiezini\/wp-json\/wp\/v2\/users\/3"}],"replies":[{"embeddable":true,"href":"https:\/\/kiezini-gcp.de\/kiezini\/wp-json\/wp\/v2\/comments?post=257"}],"version-history":[{"count":1,"href":"https:\/\/kiezini-gcp.de\/kiezini\/wp-json\/wp\/v2\/posts\/257\/revisions"}],"predecessor-version":[{"id":258,"href":"https:\/\/kiezini-gcp.de\/kiezini\/wp-json\/wp\/v2\/posts\/257\/revisions\/258"}],"wp:attachment":[{"href":"https:\/\/kiezini-gcp.de\/kiezini\/wp-json\/wp\/v2\/media?parent=257"}],"wp:term":[{"taxonomy":"category","embeddable":true,"href":"https:\/\/kiezini-gcp.de\/kiezini\/wp-json\/wp\/v2\/categories?post=257"},{"taxonomy":"post_tag","embeddable":true,"href":"https:\/\/kiezini-gcp.de\/kiezini\/wp-json\/wp\/v2\/tags?post=257"}],"curies":[{"name":"wp","href":"https:\/\/api.w.org\/{rel}","templated":true}]}}