{"id":251,"date":"2022-05-15T16:51:00","date_gmt":"2022-05-15T16:51:00","guid":{"rendered":"https:\/\/kiezini-gcp.de\/kiezini\/?p=251"},"modified":"2023-05-02T19:05:27","modified_gmt":"2023-05-02T19:05:27","slug":"nachbarschaftsfest-der-initiative-gruener-carl","status":"publish","type":"post","link":"https:\/\/kiezini-gcp.de\/kiezini\/nachbarschaftsfest-der-initiative-gruener-carl\/","title":{"rendered":"Nachbarschaftsfest der Initiative Gr\u00fcner Carl"},"content":{"rendered":"\n<p>Die Initiative Gr\u00fcner Carl der Wohnstadt Carl Legien hat die Kiezinitiative Gertrud-Classen-Platz zum Nachbarschaftsfest am 15.5. eingeladen. Die Initiativen diskutierten mit den Anwohnenden, wie die Carl Legien-Wohnstadt und der Kiez sch\u00f6ner, gr\u00fcner und ruhiger werden k\u00f6nnen. Die Initiativen haben sich \u00fcber den jetzigen Stand und Vorhaben im Kiez ausgetauscht und planen, zuk\u00fcnftige Aktionen gemeinsam unternehmen. Ein interessanter Nachmittag mit vielen tollen Ideen!<\/p>\n\n\n\n<figure class=\"wp-block-image size-full\"><img loading=\"lazy\" decoding=\"async\" width=\"640\" height=\"480\" src=\"https:\/\/kiezini-gcp.de\/kiezini\/wp-content\/uploads\/2022\/06\/image5-Gruener-Carl-Treffen-15-May-22.jpeg\" alt=\"\" class=\"wp-image-252\" srcset=\"https:\/\/kiezini-gcp.de\/kiezini\/wp-content\/uploads\/2022\/06\/image5-Gruener-Carl-Treffen-15-May-22.jpeg 640w, https:\/\/kiezini-gcp.de\/kiezini\/wp-content\/uploads\/2022\/06\/image5-Gruener-Carl-Treffen-15-May-22-300x225.jpeg 300w\" sizes=\"auto, (max-width: 640px) 100vw, 640px\" \/><\/figure>\n","protected":false},"excerpt":{"rendered":"<p>Die Initiative Gr\u00fcner Carl der Wohnstadt Carl Legien hat die Kiezinitiative Gertrud-Classen-Platz zum Nachbarschaftsfest am 15.5. eingeladen. Die Initiativen diskutierten mit den Anwohnenden, wie die Carl Legien-Wohnstadt und der Kiez sch\u00f6ner, gr\u00fcner und ruhiger werden k\u00f6nnen. Die Initiativen haben sich \u00fcber den jetzigen Stand und Vorhaben im Kiez ausgetauscht und planen, zuk\u00fcnftige Aktionen gemeinsam unternehmen. &hellip; <\/p>\n<p class=\"link-more\"><a href=\"https:\/\/kiezini-gcp.de\/kiezini\/nachbarschaftsfest-der-initiative-gruener-carl\/\" class=\"more-link\"><span class=\"screen-reader-text\">\u201eNachbarschaftsfest der Initiative Gr\u00fcner Carl\u201c<\/span> weiterlesen<\/a><\/p>\n","protected":false},"author":3,"featured_media":0,"comment_status":"closed","ping_status":"open","sticky":false,"template":"","format":"standard","meta":{"footnotes":""},"categories":[1],"tags":[],"class_list":["post-251","post","type-post","status-publish","format-standard","hentry","category-uncategorized"],"_links":{"self":[{"href":"https:\/\/kiezini-gcp.de\/kiezini\/wp-json\/wp\/v2\/posts\/251","targetHints":{"allow":["GET"]}}],"collection":[{"href":"https:\/\/kiezini-gcp.de\/kiezini\/wp-json\/wp\/v2\/posts"}],"about":[{"href":"https:\/\/kiezini-gcp.de\/kiezini\/wp-json\/wp\/v2\/types\/post"}],"author":[{"embeddable":true,"href":"https:\/\/kiezini-gcp.de\/kiezini\/wp-json\/wp\/v2\/users\/3"}],"replies":[{"embeddable":true,"href":"https:\/\/kiezini-gcp.de\/kiezini\/wp-json\/wp\/v2\/comments?post=251"}],"version-history":[{"count":2,"href":"https:\/\/kiezini-gcp.de\/kiezini\/wp-json\/wp\/v2\/posts\/251\/revisions"}],"predecessor-version":[{"id":254,"href":"https:\/\/kiezini-gcp.de\/kiezini\/wp-json\/wp\/v2\/posts\/251\/revisions\/254"}],"wp:attachment":[{"href":"https:\/\/kiezini-gcp.de\/kiezini\/wp-json\/wp\/v2\/media?parent=251"}],"wp:term":[{"taxonomy":"category","embeddable":true,"href":"https:\/\/kiezini-gcp.de\/kiezini\/wp-json\/wp\/v2\/categories?post=251"},{"taxonomy":"post_tag","embeddable":true,"href":"https:\/\/kiezini-gcp.de\/kiezini\/wp-json\/wp\/v2\/tags?post=251"}],"curies":[{"name":"wp","href":"https:\/\/api.w.org\/{rel}","templated":true}]}}