{"id":241,"date":"2022-03-25T16:06:00","date_gmt":"2022-03-25T16:06:00","guid":{"rendered":"https:\/\/kiezini-gcp.de\/kiezini\/?p=241"},"modified":"2022-06-04T16:17:58","modified_gmt":"2022-06-04T16:17:58","slug":"die-parkraumbewirtschaftung-kommt-endlich","status":"publish","type":"post","link":"https:\/\/kiezini-gcp.de\/kiezini\/die-parkraumbewirtschaftung-kommt-endlich\/","title":{"rendered":"Die Parkraumbewirtschaftung kommt endlich"},"content":{"rendered":"\n<p>Am 4.4.22 soll in unserem Kiez zwischen Prenzlauer Allee, Greifswalder Stra\u00dfe, Ostseestra\u00dfe und Grellstra\u00dfe die Parkraumbewirtschaftung eingef\u00fchrt werden (Zone 46). Einen gro\u00dfen Dank an den Mieterbeirat Wohnstadt Carl Legien, der jahrelang daf\u00fcr gek\u00e4mpft hat. <\/p>\n\n\n\n<p>Es wird erwartet, dass die Parkraumbewirtschaftung den Parksuchverkehr in unserem Kiez verringert und somit eine Verkehrsberuhigung bewirkt. Die meisten Nachbarkieze haben bereits eine Parkraumbewirtschaftung, so dass viele von au\u00dferhalb hier einen kostenfreien Parkplatz gesucht hatten. Die Anwohnenden werden nun bald hoffentlich in unserem Kiez leichter einen Parkplatz finden.<\/p>\n\n\n\n<p>Wir m\u00f6chten hiermit auch alle ermutigen, so viele Wege wie m\u00f6glich zu Fu\u00df, mit dem Fahrrad oder dem \u00f6ffentlichen Verkehr zur\u00fcckzulegen. Dies ist gut f\u00fcr die Gesundheit, unsere Luft und die Ger\u00e4uschkulisse und auch ein Ziel der Berliner Mobilit\u00e4tsgesetzes und des Berliner Stadtentwicklungsplans Mobilit\u00e4t und Verkehr: <a href=\"https:\/\/gesetze.berlin.de\/bsbe\/document\/jlr-MobGBErahmen\">https:\/\/gesetze.berlin.de\/bsbe\/document\/jlr-MobGBErahmen<\/a> und <a href=\"https:\/\/www.berlin.de\/sen\/uvk\/verkehr\/verkehrspolitik\/stadtentwicklungsplan-mobilitaet-und-verkehr\/\">https:\/\/www.berlin.de\/sen\/uvk\/verkehr\/verkehrspolitik\/stadtentwicklungsplan-mobilitaet-und-verkehr\/<\/a><\/p>\n\n\n\n<figure class=\"wp-block-image size-large\"><img loading=\"lazy\" decoding=\"async\" width=\"768\" height=\"1024\" src=\"https:\/\/kiezini-gcp.de\/kiezini\/wp-content\/uploads\/2022\/06\/20220404_132452-768x1024.jpg\" alt=\"\" class=\"wp-image-242\" srcset=\"https:\/\/kiezini-gcp.de\/kiezini\/wp-content\/uploads\/2022\/06\/20220404_132452-768x1024.jpg 768w, https:\/\/kiezini-gcp.de\/kiezini\/wp-content\/uploads\/2022\/06\/20220404_132452-225x300.jpg 225w, https:\/\/kiezini-gcp.de\/kiezini\/wp-content\/uploads\/2022\/06\/20220404_132452-1152x1536.jpg 1152w, https:\/\/kiezini-gcp.de\/kiezini\/wp-content\/uploads\/2022\/06\/20220404_132452-1536x2048.jpg 1536w, https:\/\/kiezini-gcp.de\/kiezini\/wp-content\/uploads\/2022\/06\/20220404_132452-scaled.jpg 1920w\" sizes=\"auto, (max-width: 767px) 89vw, (max-width: 1000px) 54vw, (max-width: 1071px) 543px, 580px\" \/><figcaption>Foto: Gesa Walsemann<\/figcaption><\/figure>\n","protected":false},"excerpt":{"rendered":"<p>Am 4.4.22 soll in unserem Kiez zwischen Prenzlauer Allee, Greifswalder Stra\u00dfe, Ostseestra\u00dfe und Grellstra\u00dfe die Parkraumbewirtschaftung eingef\u00fchrt werden (Zone 46). Einen gro\u00dfen Dank an den Mieterbeirat Wohnstadt Carl Legien, der jahrelang daf\u00fcr gek\u00e4mpft hat. Es wird erwartet, dass die Parkraumbewirtschaftung den Parksuchverkehr in unserem Kiez verringert und somit eine Verkehrsberuhigung bewirkt. Die meisten Nachbarkieze haben &hellip; <\/p>\n<p class=\"link-more\"><a href=\"https:\/\/kiezini-gcp.de\/kiezini\/die-parkraumbewirtschaftung-kommt-endlich\/\" class=\"more-link\"><span class=\"screen-reader-text\">\u201eDie Parkraumbewirtschaftung kommt endlich\u201c<\/span> weiterlesen<\/a><\/p>\n","protected":false},"author":3,"featured_media":0,"comment_status":"open","ping_status":"open","sticky":false,"template":"","format":"standard","meta":{"footnotes":""},"categories":[1],"tags":[],"class_list":["post-241","post","type-post","status-publish","format-standard","hentry","category-uncategorized"],"_links":{"self":[{"href":"https:\/\/kiezini-gcp.de\/kiezini\/wp-json\/wp\/v2\/posts\/241","targetHints":{"allow":["GET"]}}],"collection":[{"href":"https:\/\/kiezini-gcp.de\/kiezini\/wp-json\/wp\/v2\/posts"}],"about":[{"href":"https:\/\/kiezini-gcp.de\/kiezini\/wp-json\/wp\/v2\/types\/post"}],"author":[{"embeddable":true,"href":"https:\/\/kiezini-gcp.de\/kiezini\/wp-json\/wp\/v2\/users\/3"}],"replies":[{"embeddable":true,"href":"https:\/\/kiezini-gcp.de\/kiezini\/wp-json\/wp\/v2\/comments?post=241"}],"version-history":[{"count":5,"href":"https:\/\/kiezini-gcp.de\/kiezini\/wp-json\/wp\/v2\/posts\/241\/revisions"}],"predecessor-version":[{"id":247,"href":"https:\/\/kiezini-gcp.de\/kiezini\/wp-json\/wp\/v2\/posts\/241\/revisions\/247"}],"wp:attachment":[{"href":"https:\/\/kiezini-gcp.de\/kiezini\/wp-json\/wp\/v2\/media?parent=241"}],"wp:term":[{"taxonomy":"category","embeddable":true,"href":"https:\/\/kiezini-gcp.de\/kiezini\/wp-json\/wp\/v2\/categories?post=241"},{"taxonomy":"post_tag","embeddable":true,"href":"https:\/\/kiezini-gcp.de\/kiezini\/wp-json\/wp\/v2\/tags?post=241"}],"curies":[{"name":"wp","href":"https:\/\/api.w.org\/{rel}","templated":true}]}}